{"id":4864,"date":"2019-10-07T18:51:02","date_gmt":"2019-10-07T22:51:02","guid":{"rendered":"https:\/\/familyservice2.wpenginepowered.com\/?p=4864"},"modified":"2019-10-10T14:12:57","modified_gmt":"2019-10-10T18:12:57","slug":"octobre-jour-ferie-bureau-seront-fermes","status":"publish","type":"post","link":"https:\/\/fswe.ca\/fr\/octobre-jour-ferie-bureau-seront-fermes\/","title":{"rendered":"Octobre jour f\u00e9ri\u00e9 \u2013 bureau sera ferm\u00e9"},"content":{"rendered":"<section id=\"banner\" class=\"container-fluid\">\n<div class=\"banner-section row\"><\/div>\n<\/section>\n<div class=\"title\">\n<div class=\"container\">\n<p>&nbsp;<\/p>\n<\/div>\n<\/div>\n<section id=\"main\">\n<div class=\"container\">\n<p><strong>Veuillez noter que notre bureau sera ferm\u00e9 du samedi 12 octobre au lundi 14 octobre 2019 (inclusivement)<\/strong><\/p>\n<p><strong>\u00e0 l\u2019occasion\u00a0d&rsquo;Octobre jour f\u00e9ri\u00e9 (la fin de semaine).<\/strong><\/p>\n<p>&nbsp;<\/p>\n<p><strong>Nous ouvrirons de nouveau le mardi 15 octobre 2019 aux heures r\u00e9guli\u00e8res de bureau.<\/strong><\/p>\n<p>&nbsp;<\/p>\n<p><strong>Nous souhaitons \u00e0 tous une belle fin de semaine de cong\u00e9 en toute s\u00e9curit\u00e9.<\/strong><\/p>\n<p>&nbsp;<\/p>\n<h3><strong>DATES DE FERMETURE\u00a0DES BUREAUX EN RAISON DES JOURS F\u00c9RI\u00c9S 2019<\/strong><\/h3>\n<table>\n<tbody>\n<tr>\n<td><strong>Jour de l\u2019An<\/strong><\/td>\n<td>Le mardi 1<sup>er<\/sup>\u00a0janvier<\/td>\n<\/tr>\n<tr>\n<td><strong>Jour de la Famille<\/strong><\/td>\n<td>Le lundi 18 f\u00e9vrier<\/td>\n<\/tr>\n<tr>\n<td><strong>Du Vendredi saint au lundi de P\u00e2ques<\/strong><\/td>\n<td>Du vendredi 19 avril au lundi 22 avril (inclusivement)<\/td>\n<\/tr>\n<tr>\n<td><strong>Fin de semaine de la f\u00eate de Victoria<\/strong><\/td>\n<td>Du samedi 18 mai au lundi 20 mai (inclusivement)<\/td>\n<\/tr>\n<tr>\n<td><strong>Fin de semaine de la f\u00eate du Canada<\/strong><\/td>\n<td>Du samedi 29 juin au lundi 1<sup>er<\/sup>\u00a0juillet (inclusivement)<\/td>\n<\/tr>\n<tr>\n<td><strong>Fin de semaine du Cong\u00e9 civique<\/strong><\/td>\n<td>Du samedi 3 ao\u00fbt au lundi 5 ao\u00fbt (inclusivement)<\/td>\n<\/tr>\n<tr>\n<td><strong>Fin de semaine de la f\u00eate du Travail<\/strong><\/td>\n<td>Du samedi 31 ao\u00fbt au lundi 2 septembre (inclusivement)<\/td>\n<\/tr>\n<tr>\n<td><strong>Fin de semaine d&rsquo;Octobre jour f\u00e9ri\u00e9<\/strong><\/td>\n<td>Du samedi 12 octobre au lundi 14 octobre (inclusivement)<\/td>\n<\/tr>\n<tr>\n<td><strong>Jour de No\u00ebl<\/strong><\/td>\n<td>Le mercredi 25 d\u00e9cembre<\/td>\n<\/tr>\n<tr>\n<td><strong>Lendemain de No\u00ebl<\/strong><\/td>\n<td>Le jeudi 26 d\u00e9cembre<\/td>\n<\/tr>\n<\/tbody>\n<\/table>\n<h3><\/h3>\n<h3 style=\"text-align: center;\"><\/h3>\n<h3 style=\"text-align: center;\"><strong>Si vous avez besoin de parler, nous sommes l\u00e0 pour vous aider.<\/strong><\/h3>\n<h3 style=\"text-align: center;\"><a href=\"https:\/\/fswe.ca\/coordonnees\/?lang=fr\">Veuillez nous contacter<\/a>\u00a0pendant les heures normales de bureau.<\/h3>\n<\/div>\n<\/section>\n<div class=\"post-info\">\n<div class=\"container\"><span class=\"categories\">CATEGORIES:\u00a0<a href=\"https:\/\/fswe.ca\/category\/office-closure-fr\/?lang=fr\" rel=\"category tag\">OFFICE CLOSURE<\/a><\/span><\/div>\n<\/div>\n","protected":false},"excerpt":{"rendered":"<p>&nbsp; Veuillez noter que notre bureau sera ferm\u00e9 du samedi 12 octobre au lundi 14 octobre 2019 (inclusivement) \u00e0 l\u2019occasion\u00a0d&rsquo;Octobre&#8230;<\/p>\n","protected":false},"author":4,"featured_media":3340,"comment_status":"open","ping_status":"open","sticky":false,"template":"","format":"standard","meta":{"footnotes":""},"categories":[25],"tags":[],"class_list":["post-4864","post","type-post","status-publish","format-standard","has-post-thumbnail","hentry","category-fermeture-du-bureau"],"aioseo_notices":[],"jetpack_featured_media_url":"https:\/\/fswe.ca\/wp-content\/uploads\/2018\/10\/pumpkin-background-beans-caffeine.jpg","_links":{"self":[{"href":"https:\/\/fswe.ca\/fr\/wp-json\/wp\/v2\/posts\/4864","targetHints":{"allow":["GET"]}}],"collection":[{"href":"https:\/\/fswe.ca\/fr\/wp-json\/wp\/v2\/posts"}],"about":[{"href":"https:\/\/fswe.ca\/fr\/wp-json\/wp\/v2\/types\/post"}],"author":[{"embeddable":true,"href":"https:\/\/fswe.ca\/fr\/wp-json\/wp\/v2\/users\/4"}],"replies":[{"embeddable":true,"href":"https:\/\/fswe.ca\/fr\/wp-json\/wp\/v2\/comments?post=4864"}],"version-history":[{"count":0,"href":"https:\/\/fswe.ca\/fr\/wp-json\/wp\/v2\/posts\/4864\/revisions"}],"wp:featuredmedia":[{"embeddable":true,"href":"https:\/\/fswe.ca\/fr\/wp-json\/wp\/v2\/media\/3340"}],"wp:attachment":[{"href":"https:\/\/fswe.ca\/fr\/wp-json\/wp\/v2\/media?parent=4864"}],"wp:term":[{"taxonomy":"category","embeddable":true,"href":"https:\/\/fswe.ca\/fr\/wp-json\/wp\/v2\/categories?post=4864"},{"taxonomy":"post_tag","embeddable":true,"href":"https:\/\/fswe.ca\/fr\/wp-json\/wp\/v2\/tags?post=4864"}],"curies":[{"name":"wp","href":"https:\/\/api.w.org\/{rel}","templated":true}]}}